[{"@context":"https:\/\/schema.org\/","@type":"Article","@id":"https:\/\/www.vdryml.cz\/mit-vlastni-automobil-neni-zadny-prepych\/#Article","mainEntityOfPage":"https:\/\/www.vdryml.cz\/mit-vlastni-automobil-neni-zadny-prepych\/","headline":"M\u00edt vlastn\u00ed automobil nen\u00ed \u017e\u00e1dn\u00fd p\u0159epych","name":"M\u00edt vlastn\u00ed automobil nen\u00ed \u017e\u00e1dn\u00fd p\u0159epych","description":"V podstat\u011b je to bohu\u017eel hol\u00fd fakt. Mnoh\u00e9 z\u00e1kladn\u00ed autobusov\u00e9 spoje se zru\u0161ily a lidem na vesnici nezb\u00fdv\u00e1 nic jin\u00e9ho, ne\u017e se bu\u010f spolehnout na rodinu, dobr\u00e9ho souseda nebo zdrav\u00e9 nohy, aby do\u0161li v pohod\u011b na nejbli\u017e\u0161\u00ed funk\u010dn\u00ed zast\u00e1vku. P\u0159\u00edpadn\u011b je tu je\u0161t\u011b dal\u0161\u00ed mo\u017enost a to si po\u0159\u00eddit vlastn\u00ed automobil. Co\u017e je \u00fapln\u011b nejlep\u0161\u00ed, ... <a title=\"M\u00edt vlastn\u00ed automobil nen\u00ed \u017e\u00e1dn\u00fd p\u0159epych\" class=\"read-more\" href=\"https:\/\/www.vdryml.cz\/mit-vlastni-automobil-neni-zadny-prepych\/\">Read more<span class=\"screen-reader-text\">M\u00edt vlastn\u00ed automobil nen\u00ed \u017e\u00e1dn\u00fd p\u0159epych<\/span><\/a>","datePublished":"2019-04-17","dateModified":"2023-06-02","author":{"@type":"Person","@id":"https:\/\/www.vdryml.cz\/author\/#Person","name":"","url":"https:\/\/www.vdryml.cz\/author\/","identifier":1,"image":{"@type":"ImageObject","@id":"https:\/\/secure.gravatar.com\/avatar\/5522eb0fc8481dea5f6519f6a0b15ee2c46358d48429b281fd7c49cbb5a929f9?s=96&d=mm&r=g","url":"https:\/\/secure.gravatar.com\/avatar\/5522eb0fc8481dea5f6519f6a0b15ee2c46358d48429b281fd7c49cbb5a929f9?s=96&d=mm&r=g","height":96,"width":96}},"publisher":{"@type":"Organization","name":"vdryml.cz","logo":{"@type":"ImageObject","@id":"\/logo.png","url":"\/logo.png","width":600,"height":60}},"image":{"@type":"ImageObject","@id":"https:\/\/www.vdryml.cz\/wp-content\/uploads\/img_a344539_w1693_t1558428238.jpg","url":"https:\/\/www.vdryml.cz\/wp-content\/uploads\/img_a344539_w1693_t1558428238.jpg","height":0,"width":0},"url":"https:\/\/www.vdryml.cz\/mit-vlastni-automobil-neni-zadny-prepych\/","about":["V\u00fdrobky"],"wordCount":470,"articleBody":"        V podstat\u011b je to bohu\u017eel hol\u00fd fakt. Mnoh\u00e9 z\u00e1kladn\u00ed autobusov\u00e9 spoje se zru\u0161ily a lidem na vesnici nezb\u00fdv\u00e1 nic jin\u00e9ho, ne\u017e se bu\u010f spolehnout na rodinu, dobr\u00e9ho souseda nebo zdrav\u00e9 nohy, aby do\u0161li v pohod\u011b na nejbli\u017e\u0161\u00ed funk\u010dn\u00ed zast\u00e1vku. P\u0159\u00edpadn\u011b je tu je\u0161t\u011b dal\u0161\u00ed mo\u017enost a to si po\u0159\u00eddit vlastn\u00ed automobil. Co\u017e je \u00fapln\u011b nejlep\u0161\u00ed, proto\u017ee to d\u00e1v\u00e1 ur\u010ditou nez\u00e1vislost a svobodu. Tu m\u016f\u017eeme je\u0161t\u011b podpo\u0159it t\u00edm, \u017ee si po\u0159\u00edd\u00edme ta\u017en\u00e9 za\u0159\u00edzen\u00ed, co\u017e v dne\u0161n\u00ed dob\u011b nen\u00ed ji\u017e \u017e\u00e1dn\u00fd probl\u00e9m a v\u00fdb\u011br je dostate\u010dn\u011b velik\u00fd. Rozhodn\u011b se nejedn\u00e1 o p\u0159\u00edli\u0161 drahou z\u00e1le\u017eitost, jak se m\u016f\u017eeme p\u0159esv\u011bd\u010dit nap\u0159\u00edklad i bohat\u00fdm v\u00fdb\u011brem https:\/\/www.amsa.cz\/Tazne-Zarizeni-3691, kde si m\u016f\u017eeme naj\u00edt v\u0161echno pot\u0159ebn\u00e9 p\u0159\u00edmo k na\u0161emu vozidlu a vyhovuj\u00edc\u00edm podm\u00ednk\u00e1m.Pro\u010d je vhodn\u00e9 si po\u0159\u00eddit ta\u017en\u00e9 za\u0159\u00edzen\u00ed Nemus\u00edme b\u00fdt z\u00e1visl\u00ed na nikom, kdy\u017e budeme pot\u0159ebovat n\u011bco odv\u00e9st nebo p\u0159em\u00edstit, jeliko\u017e si v\u017edy m\u016f\u017eeme zap\u0159\u00e1hnout k\u00e1rku nebo voz\u00edk. Lze si zap\u016fj\u010dit karavan na dovolenou. Nen\u00ed probl\u00e9m um\u00edstit na n\u011bj nosi\u010d kola a vyjet si na dovolenou klidn\u011b s celou rodinou. P\u0159epravn\u00ed voz\u00edk na motorky umo\u017en\u00ed jet klidn\u011b i v\u011bt\u0161\u00ed d\u00e1lku do m\u00edst, kde si ud\u011bl\u00e1me z\u00e1zem\u00ed a pot\u00e9 si m\u016f\u017eeme v p\u0159\u00edzniv\u00e9m po\u010das\u00ed podniknout v\u00fdlety podle mo\u017enost\u00ed na motocyklech. D\u00edky ta\u017en\u00e9mu za\u0159\u00edzen\u00ed m\u016f\u017eeme p\u0159epravit ko\u0148sk\u00fd voz\u00edk na z\u00e1vodi\u0161t\u011b nebo vodn\u00ed \u010dlun na vodu. Zkr\u00e1tka n\u00e1m pom\u00e1h\u00e1 ve v\u0161ech oblastech st\u011bhov\u00e1n\u00ed nebo p\u0159evozu objemn\u00fdch v\u011bc\u00ed, kdy bychom si museli nap\u0159\u00edklad objednat dod\u00e1vku. Existuje v\u00edce druh\u016f mo\u017enost\u00ed Pevn\u00e9 ta\u017en\u00e9 za\u0159\u00edzen\u00ed  Vyu\u017e\u00edv\u00e1 se u v\u0161ech vozidel a je p\u0159ipevn\u011bno pevn\u00fdmi \u010depy. D\u00e1 se na n\u011bj bez probl\u00e9m\u016f nainstalovat nosi\u010d kol. Je samoz\u0159ejm\u011b ide\u00e1ln\u00ed pro tah\u00e1n\u00ed v\u011bt\u0161\u00edch nebo t\u011b\u017e\u0161\u00edch p\u0159\u00edv\u011bs\u016f. Odn\u00edmateln\u00e9 ta\u017en\u00e9 za\u0159\u00edzen\u00ed  Takov\u00e9 si m\u016f\u017eeme nechat nainstalovat, pokud budeme jej pou\u017e\u00edvat sp\u00ed\u0161 sv\u00e1te\u010dn\u011b. M\u00e1 odn\u00edmateln\u00e9 \u010depy a je tak\u00e9 pravdou, \u017ee u t\u011bchto za\u0159\u00edzen\u00ed je velkou v\u00fdhodou samotn\u00e9 parkov\u00e1n\u00ed. \u010cep toti\u017e tolik nevy\u010dn\u00edv\u00e1 jako u pevn\u00e9ho. Probl\u00e9m je, \u017ee sem rozhodn\u011b nelze um\u00edstit samotn\u00fd nosi\u010d kol. Ta\u017en\u00e9 za\u0159\u00edzen\u00ed je velmi praktick\u00e1 v\u011bc, kter\u00e1 se v\u017edycky hod\u00ed.                                                                                                                                                                                                                                                                                                                                                                                          4.6\/5 - (7 votes)        "},{"@context":"https:\/\/schema.org\/","@type":"BreadcrumbList","itemListElement":[{"@type":"ListItem","position":1,"name":"M\u00edt vlastn\u00ed automobil nen\u00ed \u017e\u00e1dn\u00fd p\u0159epych","item":"https:\/\/www.vdryml.cz\/mit-vlastni-automobil-neni-zadny-prepych\/#breadcrumbitem"}]}]