[{"@context":"https:\/\/schema.org\/","@type":"Article","@id":"https:\/\/www.vdryml.cz\/na-dovolenou-k-madarskemu-mori\/#Article","mainEntityOfPage":"https:\/\/www.vdryml.cz\/na-dovolenou-k-madarskemu-mori\/","headline":"Na dovolenou k ma\u010farsk\u00e9mu mo\u0159i","name":"Na dovolenou k ma\u010farsk\u00e9mu mo\u0159i","description":"Spole\u010denskou epochu s n\u00e1zvem \u201esocialismus\u201c pamatuj\u00ed u\u017e jen n\u011bkte\u0159\u00ed z n\u00e1s. Sou\u010dasn\u00ed t\u0159ic\u00e1tn\u00edci a mlad\u0161\u00ed generace ji zn\u00e1 jen z vypr\u00e1v\u011bn\u00ed, a tak si jen st\u011b\u017e\u00ed dok\u00e1\u017ee p\u0159edstavit, \u017ee slovo \u201eBalaton\u201c znamenalo pro n\u00e1s, \u010cechoslov\u00e1ky, n\u011bco jako dovolen\u00e1 u mo\u0159e. Do Ma\u010farska se lid\u00e9 vypravovali nejen za kr\u00e1sami modrav\u00e9ho pob\u0159e\u017e\u00ed jednoho z nejv\u011bt\u0161\u00edch evropsk\u00fdch jezer, ... <a title=\"Na dovolenou k ma\u010farsk\u00e9mu mo\u0159i\" class=\"read-more\" href=\"https:\/\/www.vdryml.cz\/na-dovolenou-k-madarskemu-mori\/\">Read more<span class=\"screen-reader-text\">Na dovolenou k ma\u010farsk\u00e9mu mo\u0159i<\/span><\/a>","datePublished":"2018-09-18","dateModified":"2023-06-02","author":{"@type":"Person","@id":"https:\/\/www.vdryml.cz\/author\/#Person","name":"","url":"https:\/\/www.vdryml.cz\/author\/","identifier":1,"image":{"@type":"ImageObject","@id":"https:\/\/secure.gravatar.com\/avatar\/5522eb0fc8481dea5f6519f6a0b15ee2c46358d48429b281fd7c49cbb5a929f9?s=96&d=mm&r=g","url":"https:\/\/secure.gravatar.com\/avatar\/5522eb0fc8481dea5f6519f6a0b15ee2c46358d48429b281fd7c49cbb5a929f9?s=96&d=mm&r=g","height":96,"width":96}},"publisher":{"@type":"Organization","name":"vdryml.cz","logo":{"@type":"ImageObject","@id":"\/logo.png","url":"\/logo.png","width":600,"height":60}},"image":{"@type":"ImageObject","@id":"https:\/\/www.vdryml.cz\/wp-content\/uploads\/img_a325838_w2715_t1537954990.jpg","url":"https:\/\/www.vdryml.cz\/wp-content\/uploads\/img_a325838_w2715_t1537954990.jpg","height":0,"width":0},"url":"https:\/\/www.vdryml.cz\/na-dovolenou-k-madarskemu-mori\/","wordCount":463,"articleBody":"Spole\u010denskou epochu s n\u00e1zvem \u201esocialismus\u201c pamatuj\u00ed u\u017e jen n\u011bkte\u0159\u00ed z n\u00e1s. Sou\u010dasn\u00ed t\u0159ic\u00e1tn\u00edci a mlad\u0161\u00ed generace ji zn\u00e1 jen z vypr\u00e1v\u011bn\u00ed, a tak si jen st\u011b\u017e\u00ed dok\u00e1\u017ee p\u0159edstavit, \u017ee slovo \u201eBalaton\u201c znamenalo pro n\u00e1s, \u010cechoslov\u00e1ky, n\u011bco jako dovolen\u00e1 u mo\u0159e. Do Ma\u010farska se lid\u00e9 vypravovali nejen za kr\u00e1sami modrav\u00e9ho pob\u0159e\u017e\u00ed jednoho z nejv\u011bt\u0161\u00edch evropsk\u00fdch jezer, ale i za neoby\u010dejnou mentalitou tamn\u00edch obyvatel. Za plant\u00e1\u017eemi ovocn\u00fdch sad\u016f, za sklizn\u00ed okurek, paprik, rajsk\u00fdch jabl\u00ed\u010dek, za tokajsk\u00fdm v\u00ednem, za \u010dabajkami a prav\u00fdmi nefal\u0161ovan\u00fdmi uher\u00e1ky.&#13; Kdy\u017e se \u0159ekne Balaton&#13; &#13; Tato jedine\u010dn\u00e1 rekrea\u010dn\u00ed lokalita byla v letn\u00edch m\u011bs\u00edc\u00edch doslova v oble\u017een\u00ed turist\u016f, p\u0159esto jste tu nalezli vytou\u017een\u00fd klid a pohodu. A\u010dkoliv je Ma\u010farsko p\u0159ev\u00e1\u017en\u011b rovinat\u00e9, pob\u0159e\u017e\u00ed jezera obklopuj\u00ed z\u010d\u00e1sti vulkanick\u00e9 vrcholky, jejich\u017e reli\u00e9f tvo\u0159\u00ed zaj\u00edmav\u00e9 panorama, p\u016fsob\u00edc\u00ed dojmem jak\u00e9si \u00fatulnosti. Zdej\u0161\u00ed proslun\u011bn\u00e1 krajina je tak\u00e9 \u00farodnou planinou, kde se p\u011bstuj\u00ed \u0161pi\u010dkov\u00e9 odr\u016fdy hroznov\u00e9ho v\u00edna, kter\u00e9 mohou konkurovat i t\u011bm nejzn\u00e1m\u011bj\u0161\u00edm francouzsk\u00fdm.&#13; &#13; Geografick\u00e9 \u00fadaje&#13; &#13; Balaton je jezero v Dunajsk\u00e9 rovin\u011b, jeho\u017e st\u00e1\u0159\u00ed se odhaduje na 17 tis\u00edc let. V t\u00e9to oblasti se plnila vodou men\u0161\u00ed jez\u00edrka, kter\u00e1 se spojila v t\u00e9 dob\u011b v jeden celek, p\u0159i\u010dem\u017e rozloha t\u00e9to vodn\u00ed plochy je ohromuj\u00edc\u00ed, je to zhruba 597 \u010dtvere\u010dn\u00edch kilometr\u016f. A p\u0159itom pr\u016fm\u011brn\u00e1 hloubka jezera je jen pouh\u00e9 3 metry.  D\u00e9lka vodn\u00ed plochy je \u00factyhodn\u00fdch 78 kilometr\u016f, nejv\u011bt\u0161\u00ed \u0161\u00ed\u0159ka je 12 kilometr\u016f. Hladina je v\u011bt\u0161inou poklidn\u00e1, ov\u0161em p\u0159i vzniku bou\u0159ek se tu zvedaj\u00ed vlny a\u017e do n\u011bkolikametrov\u00e9 v\u00fd\u0161e. Voda v jezeru se obm\u011bn\u00ed zhruba jednou za dva a p\u016fl roku.&#13; &#13; Klid i povyra\u017een\u00ed&#13; &#13; Kdo miluje klidnou dovolenou u vody , r\u00e1d se slun\u00ed a koupe, ten si tu p\u0159ijde na sv\u00e9 v mnoha penzionech, bungalovech, \u010di chatk\u00e1ch. Postar\u00e1no je tu v\u0161ak i o z\u00e1bavu, m\u016f\u017eete se projet parn\u00edkem, na \u0161lapadlech, v bezprost\u0159edn\u00edm okol\u00ed Balatonu lze vyu\u017e\u00edt proj\u00ed\u017e\u010fky na kon\u00edch, v\u011bnovat se v\u00fduce tance, sledovat vystoupen\u00ed folkl\u00f3rn\u00edch skupin a ochutnat zdej\u0161\u00ed vynikaj\u00edc\u00ed speciality. Ubytov\u00e1n\u00ed je mo\u017en\u00e9 jak v soukrom\u00ed, tak v p\u0159elidn\u011bn\u00fdch hotel\u00edch, nebo v levn\u00fdch kempech pod stanem \u010di v karavanu. V\u00fdhodou t\u00e9to rekrea\u010dn\u00ed oblasti je, \u017ee je velmi malebn\u00e1 a p\u0159\u00edjemn\u00e1, a z \u010cesk\u00e9 republiky je vzd\u00e1lena pouh\u00fdch n\u011bkolik stovek kilometr\u016f.&#13;                                                                                                                                                                                                                                                                                                                                                                                         4.3\/5 - (16 votes)        "},{"@context":"https:\/\/schema.org\/","@type":"BreadcrumbList","itemListElement":[{"@type":"ListItem","position":1,"name":"Na dovolenou k ma\u010farsk\u00e9mu mo\u0159i","item":"https:\/\/www.vdryml.cz\/na-dovolenou-k-madarskemu-mori\/#breadcrumbitem"}]}]